{"id":934,"date":"2020-06-27T16:48:57","date_gmt":"2020-06-27T16:48:57","guid":{"rendered":"https:\/\/sempas.si\/wpsempas\/?p=934"},"modified":"2024-11-28T00:14:40","modified_gmt":"2024-11-28T00:14:40","slug":"kresnice-vokalno-instrumentalna-skupina","status":"publish","type":"post","link":"https:\/\/sempas.si\/wpsempas\/2020\/06\/27\/kresnice-vokalno-instrumentalna-skupina\/","title":{"rendered":"KRESNICE vokalno instrumentalna skupina"},"content":{"rendered":"\n<p>Decembra, leta&nbsp; 1995 so se tri u\u010diteljice O\u0160 Solkan &#8211; Bo\u017ea Hvala, Matejka \u010cerne in Mojca Milone odlo\u010dile, da za\u010dnejo svojo pevsko pot pod imenom \u00bbKRESNICE\u00ab. Od leta 2013 delujejo kot sekcija pri KPD Lipa \u0160empas<\/p>\n\n\n\n<p>Njihov umetni\u0161ki vodja je u\u010ditelj solo petja in \u010dlan Slovenskega okteta, g. Vladimir \u010cade\u017e, ki je zanje napisal tudi ve\u010dino priredb. Kresnice so na svoji poti iskale vedno nove pevske izzive in se preizku\u0161ale v ve\u010d glasbenih zvrsteh. Sodelovale so z razli\u010dnimi pevci, dramskimi igralci in instrumentalisti.<\/p>\n\n\n\n<p>Vsako leto na Trnovem organizirajo celove\u010derni koncert \u00bbKresna no\u010d s Kresnicami\u00ab, nastopajo na prireditvah dru\u0161tva KPD Lipa \u0160empas, prireditvah Mestne ob\u010dine Nova Gorica in se z veseljem odzovejo na vsako povabilo za nastop. Gostovale so tudi v Italiji, v Nem\u010diji, na Hrva\u0161kem, v Franciji in na Irskem.<\/p>\n\n\n\n<p>Kresnice so posnele \u0161tiri zgo\u0161\u010denke razli\u010dnih glasbenih zvrsti, zadnjo, \u00bb\u010cakala bom\u00ab, s prete\u017eno Avsenikovimi pesmimi, pod mentorstvom nekdanje Avsenikove pevke Jo\u017eice Svete. Aran\u017emaje zanje je napisal g. Vilko Ovsenik. Nastopile so tudi na Avsenikovem festivalu v Begunjah.<\/p>\n\n\n\n<p>Danes Kresnice nastopajo spet v prvotni zasedbi, torej Bo\u017ea, Matejka in Mojca, ob spremljavi kitare Dinka Hrabri\u0107a. V&nbsp; ob\u010dini Nova Gorica predstavljajo edini manj\u0161i \u017eenski pevski sestav, ki na svoji poti neprekinjeno vztraja \u017ee dvajset let. Vse tri pevke so mame, uspe\u0161ne pedago\u0161ke delavke in tako dokazujejo, da je ljubezen do glasbe, predvsem slovenske, sila ki lahko premaga vse prepreke.<\/p>\n\n\n\n<p>Oseba za stike:<br>Bo\u017ea Hvala, Trnovo 34b, tel. \u0161t. 051417234, &nbsp;&nbsp;<a href=\"mailto:Bozahvala@gmail.com\">Bozahvala@gmail.com<\/a><\/p>\n\n\n\n<figure class=\"wp-block-gallery has-nested-images columns-default is-cropped wp-block-gallery-1 is-layout-flex wp-block-gallery-is-layout-flex\">\n<figure class=\"wp-block-image size-large\"><a href=\"https:\/\/sempas.si\/wpsempas\/wp-content\/uploads\/2023\/06\/1-2.jpg\"><img decoding=\"async\" width=\"1000\" height=\"667\" data-id=\"935\" src=\"https:\/\/sempas.si\/wpsempas\/wp-content\/uploads\/2023\/06\/1-2.jpg\" alt=\"\" class=\"wp-image-935\" srcset=\"https:\/\/sempas.si\/wpsempas\/wp-content\/uploads\/2023\/06\/1-2.jpg 1000w, https:\/\/sempas.si\/wpsempas\/wp-content\/uploads\/2023\/06\/1-2-300x200.jpg 300w, https:\/\/sempas.si\/wpsempas\/wp-content\/uploads\/2023\/06\/1-2-768x512.jpg 768w\" sizes=\"(max-width: 1000px) 100vw, 1000px\" \/><\/a><\/figure>\n\n\n\n<figure class=\"wp-block-image size-large\"><a href=\"https:\/\/sempas.si\/wpsempas\/wp-content\/uploads\/2023\/06\/2-2.jpg\"><img decoding=\"async\" width=\"1000\" height=\"667\" data-id=\"936\" src=\"https:\/\/sempas.si\/wpsempas\/wp-content\/uploads\/2023\/06\/2-2.jpg\" alt=\"\" class=\"wp-image-936\" srcset=\"https:\/\/sempas.si\/wpsempas\/wp-content\/uploads\/2023\/06\/2-2.jpg 1000w, https:\/\/sempas.si\/wpsempas\/wp-content\/uploads\/2023\/06\/2-2-300x200.jpg 300w, https:\/\/sempas.si\/wpsempas\/wp-content\/uploads\/2023\/06\/2-2-768x512.jpg 768w\" sizes=\"(max-width: 1000px) 100vw, 1000px\" \/><\/a><\/figure>\n\n\n\n<figure class=\"wp-block-image size-large\"><a href=\"https:\/\/sempas.si\/wpsempas\/wp-content\/uploads\/2023\/06\/3-2.jpg\"><img decoding=\"async\" width=\"1000\" height=\"667\" data-id=\"937\" src=\"https:\/\/sempas.si\/wpsempas\/wp-content\/uploads\/2023\/06\/3-2.jpg\" alt=\"\" class=\"wp-image-937\" srcset=\"https:\/\/sempas.si\/wpsempas\/wp-content\/uploads\/2023\/06\/3-2.jpg 1000w, https:\/\/sempas.si\/wpsempas\/wp-content\/uploads\/2023\/06\/3-2-300x200.jpg 300w, https:\/\/sempas.si\/wpsempas\/wp-content\/uploads\/2023\/06\/3-2-768x512.jpg 768w\" sizes=\"(max-width: 1000px) 100vw, 1000px\" \/><\/a><\/figure>\n\n\n\n<figure class=\"wp-block-image size-large\"><a href=\"https:\/\/sempas.si\/wpsempas\/wp-content\/uploads\/2023\/06\/4-2.jpg\"><img decoding=\"async\" width=\"1000\" height=\"667\" data-id=\"938\" src=\"https:\/\/sempas.si\/wpsempas\/wp-content\/uploads\/2023\/06\/4-2.jpg\" alt=\"\" class=\"wp-image-938\" srcset=\"https:\/\/sempas.si\/wpsempas\/wp-content\/uploads\/2023\/06\/4-2.jpg 1000w, https:\/\/sempas.si\/wpsempas\/wp-content\/uploads\/2023\/06\/4-2-300x200.jpg 300w, https:\/\/sempas.si\/wpsempas\/wp-content\/uploads\/2023\/06\/4-2-768x512.jpg 768w\" sizes=\"(max-width: 1000px) 100vw, 1000px\" \/><\/a><\/figure>\n<\/figure>\n","protected":false},"excerpt":{"rendered":"<p>Decembra, leta&nbsp; 1995 so se tri u\u010diteljice O\u0160 Solkan &#8211; Bo\u017ea Hvala, Matejka \u010cerne in Mojca Milone odlo\u010dile, da za\u010dnejo svojo pevsko pot pod imenom \u00bbKRESNICE\u00ab. Od leta 2013 delujejo kot sekcija pri KPD Lipa \u0160empas Njihov umetni\u0161ki vodja je u\u010ditelj solo petja in \u010dlan Slovenskega okteta, g. Vladimir \u010cade\u017e, ki je zanje napisal tudi [&hellip;]<\/p>\n","protected":false},"author":1,"featured_media":938,"comment_status":"closed","ping_status":"open","sticky":false,"template":"","format":"standard","meta":{"_sl_post_content":"<!-- wp:paragraph -->\n<p>Decembra, leta&nbsp; 1995 so se tri u\u010diteljice O\u0160 Solkan - Bo\u017ea Hvala, Matejka \u010cerne in Mojca Milone odlo\u010dile, da za\u010dnejo svojo pevsko pot pod imenom \u00bbKRESNICE\u00ab. Od leta 2013 delujejo kot sekcija pri KPD Lipa \u0160empas<\/p>\n<!-- \/wp:paragraph -->\n\n<!-- wp:paragraph -->\n<p>Njihov umetni\u0161ki vodja je u\u010ditelj solo petja in \u010dlan Slovenskega okteta, g. Vladimir \u010cade\u017e, ki je zanje napisal tudi ve\u010dino priredb. Kresnice so na svoji poti iskale vedno nove pevske izzive in se preizku\u0161ale v ve\u010d glasbenih zvrsteh. Sodelovale so z razli\u010dnimi pevci, dramskimi igralci in instrumentalisti.<\/p>\n<!-- \/wp:paragraph -->\n\n<!-- wp:paragraph -->\n<p>Vsako leto na Trnovem organizirajo celove\u010derni koncert \u00bbKresna no\u010d s Kresnicami\u00ab, nastopajo na prireditvah dru\u0161tva KPD Lipa \u0160empas, prireditvah Mestne ob\u010dine Nova Gorica in se z veseljem odzovejo na vsako povabilo za nastop. Gostovale so tudi v Italiji, v Nem\u010diji, na Hrva\u0161kem, v Franciji in na Irskem.<\/p>\n<!-- \/wp:paragraph -->\n\n<!-- wp:paragraph -->\n<p>Kresnice so posnele \u0161tiri zgo\u0161\u010denke razli\u010dnih glasbenih zvrsti, zadnjo, \u00bb\u010cakala bom\u00ab, s prete\u017eno Avsenikovimi pesmimi, pod mentorstvom nekdanje Avsenikove pevke Jo\u017eice Svete. Aran\u017emaje zanje je napisal g. Vilko Ovsenik. Nastopile so tudi na Avsenikovem festivalu v Begunjah.<\/p>\n<!-- \/wp:paragraph -->\n\n<!-- wp:paragraph -->\n<p>Danes Kresnice nastopajo spet v prvotni zasedbi, torej Bo\u017ea, Matejka in Mojca, ob spremljavi kitare Dinka Hrabri\u0107a. V&nbsp; ob\u010dini Nova Gorica predstavljajo edini manj\u0161i \u017eenski pevski sestav, ki na svoji poti neprekinjeno vztraja \u017ee dvajset let. Vse tri pevke so mame, uspe\u0161ne pedago\u0161ke delavke in tako dokazujejo, da je ljubezen do glasbe, predvsem slovenske, sila ki lahko premaga vse prepreke.<\/p>\n<!-- \/wp:paragraph -->\n\n<!-- wp:paragraph -->\n<p>Oseba za stike:<br>Bo\u017ea Hvala, Trnovo 34b, tel. \u0161t. 051417234, &nbsp;&nbsp;<a href=\"mailto:Bozahvala@gmail.com\">Bozahvala@gmail.com<\/a><\/p>\n<!-- \/wp:paragraph -->\n\n<!-- wp:gallery {\"linkTo\":\"media\"} -->\n<figure class=\"wp-block-gallery has-nested-images columns-default is-cropped\"><!-- wp:image {\"id\":935,\"sizeSlug\":\"large\",\"linkDestination\":\"media\"} -->\n<figure class=\"wp-block-image size-large\"><a href=\"https:\/\/sempas.si\/wpsempas\/wp-content\/uploads\/2023\/06\/1-2.jpg\"><img src=\"https:\/\/sempas.si\/wpsempas\/wp-content\/uploads\/2023\/06\/1-2.jpg\" alt=\"\" class=\"wp-image-935\"\/><\/a><\/figure>\n<!-- \/wp:image -->\n\n<!-- wp:image {\"id\":936,\"sizeSlug\":\"large\",\"linkDestination\":\"media\"} -->\n<figure class=\"wp-block-image size-large\"><a href=\"https:\/\/sempas.si\/wpsempas\/wp-content\/uploads\/2023\/06\/2-2.jpg\"><img src=\"https:\/\/sempas.si\/wpsempas\/wp-content\/uploads\/2023\/06\/2-2.jpg\" alt=\"\" class=\"wp-image-936\"\/><\/a><\/figure>\n<!-- \/wp:image -->\n\n<!-- wp:image {\"id\":937,\"sizeSlug\":\"large\",\"linkDestination\":\"media\"} -->\n<figure class=\"wp-block-image size-large\"><a href=\"https:\/\/sempas.si\/wpsempas\/wp-content\/uploads\/2023\/06\/3-2.jpg\"><img src=\"https:\/\/sempas.si\/wpsempas\/wp-content\/uploads\/2023\/06\/3-2.jpg\" alt=\"\" class=\"wp-image-937\"\/><\/a><\/figure>\n<!-- \/wp:image -->\n\n<!-- wp:image {\"id\":938,\"sizeSlug\":\"large\",\"linkDestination\":\"media\"} -->\n<figure class=\"wp-block-image size-large\"><a href=\"https:\/\/sempas.si\/wpsempas\/wp-content\/uploads\/2023\/06\/4-2.jpg\"><img src=\"https:\/\/sempas.si\/wpsempas\/wp-content\/uploads\/2023\/06\/4-2.jpg\" alt=\"\" class=\"wp-image-938\"\/><\/a><\/figure>\n<!-- \/wp:image --><\/figure>\n<!-- \/wp:gallery -->","_sl_post_name":"kresnice-vokalno-instrumentalna-skupina","_sl_post_excerpt":"","_sl_post_title":"KRESNICE vokalno instrumentalna skupina","_en_post_content":"","_en_post_name":"","_en_post_excerpt":"","_en_post_title":"","_it_post_content":"","_it_post_name":"","_it_post_excerpt":"","_it_post_title":"","edit_language":"sl","footnotes":""},"categories":[9],"tags":[],"class_list":["post-934","post","type-post","status-publish","format-standard","has-post-thumbnail","hentry","category-kulturno-prosvetno-drustvo-lipa"],"_links":{"self":[{"href":"https:\/\/sempas.si\/wpsempas\/wp-json\/wp\/v2\/posts\/934","targetHints":{"allow":["GET"]}}],"collection":[{"href":"https:\/\/sempas.si\/wpsempas\/wp-json\/wp\/v2\/posts"}],"about":[{"href":"https:\/\/sempas.si\/wpsempas\/wp-json\/wp\/v2\/types\/post"}],"author":[{"embeddable":true,"href":"https:\/\/sempas.si\/wpsempas\/wp-json\/wp\/v2\/users\/1"}],"replies":[{"embeddable":true,"href":"https:\/\/sempas.si\/wpsempas\/wp-json\/wp\/v2\/comments?post=934"}],"version-history":[{"count":1,"href":"https:\/\/sempas.si\/wpsempas\/wp-json\/wp\/v2\/posts\/934\/revisions"}],"predecessor-version":[{"id":939,"href":"https:\/\/sempas.si\/wpsempas\/wp-json\/wp\/v2\/posts\/934\/revisions\/939"}],"wp:featuredmedia":[{"embeddable":true,"href":"https:\/\/sempas.si\/wpsempas\/wp-json\/wp\/v2\/media\/938"}],"wp:attachment":[{"href":"https:\/\/sempas.si\/wpsempas\/wp-json\/wp\/v2\/media?parent=934"}],"wp:term":[{"taxonomy":"category","embeddable":true,"href":"https:\/\/sempas.si\/wpsempas\/wp-json\/wp\/v2\/categories?post=934"},{"taxonomy":"post_tag","embeddable":true,"href":"https:\/\/sempas.si\/wpsempas\/wp-json\/wp\/v2\/tags?post=934"}],"curies":[{"name":"wp","href":"https:\/\/api.w.org\/{rel}","templated":true}]}}