{"id":660,"date":"2023-06-26T21:51:27","date_gmt":"2023-06-26T21:51:27","guid":{"rendered":"https:\/\/sempas.si\/wpsempas\/?p=660"},"modified":"2024-11-28T00:14:40","modified_gmt":"2024-11-28T00:14:40","slug":"studenec-nadvojvode-karola-fran-josipa","status":"publish","type":"post","link":"https:\/\/sempas.si\/wpsempas\/2023\/06\/26\/studenec-nadvojvode-karola-fran-josipa\/","title":{"rendered":"Studenec nadvojvode Karola Fran Josipa"},"content":{"rendered":"\n<p><strong>V \u0160empasu<\/strong>\u00a0<strong>ob stari \u0161oli<\/strong>\u00a0je Krajevna skupnost \u0160empas izgradila trg imenovan po botaniku Francu Kra\u0161anu rojenem v \u0160empasu leta 1840, umrl v Gradcu leta 1907 , kjer je tudi pokopan.\u00a0<br>V desnem predelu trga se nahaja<strong>\u00a0Studenec nadvojvode Karol Fran Josip<\/strong>\u00a0. Studenec je bil postavljen v spomin na dan, ko je \u0160empas obiskal\u00a0<strong>prestolonaslednik \u00a0Avstroogrske \u00a0monarhije \u00a0<a href=\"http:\/\/sl.wikipedia.org\/wiki\/Karel_I._Habsbur%C5%A1ko-Lotarin%C5%A1ki\">Karel I. Habsbur\u0161ki \u2013 Lotarin\u0161ki<\/a>.<\/strong><\/p>\n\n\n\n<figure class=\"wp-block-image size-full\"><a href=\"https:\/\/sempas.si\/wpsempas\/wp-content\/uploads\/2023\/06\/01-6.jpg\"><img decoding=\"async\" width=\"200\" height=\"283\" src=\"https:\/\/sempas.si\/wpsempas\/wp-content\/uploads\/2023\/06\/01-6.jpg\" alt=\"\" class=\"wp-image-661\"\/><\/a><\/figure>\n\n\n\n<p>Zanimivost predstavlja sam&nbsp;<strong>napis na plo\u0161\u010di<\/strong>&nbsp;nad uto studenca , saj je v&nbsp;<strong>Slovenskem jeziku<\/strong>&nbsp;katerega se v Avstrijski vojski praviloma ni uporabljalo.<\/p>\n\n\n\n<figure class=\"wp-block-image size-large\"><a href=\"https:\/\/sempas.si\/wpsempas\/wp-content\/uploads\/2023\/06\/02-5.jpg\"><img decoding=\"async\" width=\"768\" height=\"1024\" src=\"https:\/\/sempas.si\/wpsempas\/wp-content\/uploads\/2023\/06\/02-5-768x1024.jpg\" alt=\"\" class=\"wp-image-662\" srcset=\"https:\/\/sempas.si\/wpsempas\/wp-content\/uploads\/2023\/06\/02-5-768x1024.jpg 768w, https:\/\/sempas.si\/wpsempas\/wp-content\/uploads\/2023\/06\/02-5-225x300.jpg 225w, https:\/\/sempas.si\/wpsempas\/wp-content\/uploads\/2023\/06\/02-5.jpg 1000w\" sizes=\"(max-width: 768px) 100vw, 768px\" \/><\/a><\/figure>\n\n\n\n<h6 class=\"wp-block-heading\" style=\"font-size:0.7rem;text-transform:none\">Napis na plo\u0161\u010di. (fotografirala Silvijo Oberdank in David Erik Pipan v decembru 2004)<\/h6>\n\n\n\n<p>Obisk tedanjega prestolonaslednika in poznej\u0161ega zadnjega&nbsp;<strong>habsbur\u0161kega cesarja Karla<\/strong>&nbsp;je v oznanilni knjigi lepo opisal &nbsp;<strong>dolgoletni \u017eupnik v \u0160empasu &nbsp;Bla\u017e Gr\u010da<\/strong>&nbsp;&nbsp;(<strong>od leta 1899 do smrti leta 1939<\/strong>) &nbsp;pod naslovom&nbsp;<br><strong>\u00bbZnameniti dan\u00ab<\/strong>:<\/p>\n\n\n\n<p><em>&#8220;<strong>V petek dne 24. sept. 1915 se je pripeljal v \u0160empas<\/strong>&nbsp;v avtomobilu prestolonaslednik nadvojvoda&nbsp;<strong>Karol Fran Josip<\/strong>&nbsp;nadzorovat na\u0161e hrabre bojevnike.<\/em><\/p>\n\n\n\n<figure class=\"wp-block-image size-full\"><a href=\"https:\/\/sempas.si\/wpsempas\/wp-content\/uploads\/2023\/06\/07-4.jpg\"><img decoding=\"async\" width=\"1000\" height=\"687\" src=\"https:\/\/sempas.si\/wpsempas\/wp-content\/uploads\/2023\/06\/07-4.jpg\" alt=\"\" class=\"wp-image-663\" srcset=\"https:\/\/sempas.si\/wpsempas\/wp-content\/uploads\/2023\/06\/07-4.jpg 1000w, https:\/\/sempas.si\/wpsempas\/wp-content\/uploads\/2023\/06\/07-4-300x206.jpg 300w, https:\/\/sempas.si\/wpsempas\/wp-content\/uploads\/2023\/06\/07-4-768x528.jpg 768w\" sizes=\"(max-width: 1000px) 100vw, 1000px\" \/><\/a><\/figure>\n\n\n\n<h6 class=\"wp-block-heading\" style=\"font-size:0.7rem;text-transform:none\">Prihod prestolonaslednika Karla s spremstvom v \u0160empas 24.09.1915 (zbirka: David Erik Pipan)<\/h6>\n\n\n\n<p><em>Do\u0161el je ob 8 uri zjutraj in &nbsp;se je tu mudil do 11h. Spremljali so ga mladi&nbsp;<strong>nadvojvoda Josip, vojni poveljnik Borojevi\u010d, ekscelenca Lubko<\/strong>&nbsp;in drugi. Sprejeli so ga pa&nbsp;<strong>generalmajor Wurm, feldml. Winkler, grof Berthold, biv\u0161i minister zunajnih zadev, general Breit<\/strong>&nbsp;in drugi. K sprejemu je do\u0161lo tudi lepo \u0161tevilo doma\u010dinov. Oba duhovnika,&nbsp;<strong>\u017eupnik Gr\u010da in kaplan Kodermac, upravitelj \u017eupanstva Humar, nadu\u010ditelj Kri\u017eman, u\u010diteljica Cecilija Fajgelj<\/strong>, \u0161olarji z malimi zastavicami v cesarskih, narodnih in de\u017eelnih barvah in mnogo ljudstva. Ob cesti in iz mnogih hi\u0161 so vihrale cesarske in narodne zastave. Pri uhodu na&nbsp;<strong>\u017eupnikov travnik<\/strong>, nasproti po\u0161tni lopi se je ustavilo sedem avtomobilov. Otroci so dvignili zastave in iz ust vsih civilistov je donel gromovit trikratni \u017eivio v pozdrav prestolonasledniku. Na travniku, kjer je bilo razpostavljeno voja\u0161tvo so se predstavili generali prestolonasledniku. V tem trenutku so se usuli okoli njih fotografi, da so od vsih strani fotografirali gru\u010do poveljnikov. Zanimivo na tej sliki je, da prestolonaslednik in generali salutirajo z levico. Fotograf je namre\u010d pri izvajanju slike steklo obrnil narobe.<\/em><\/p>\n\n\n\n<p><em>Mo\u0161tvo je bilo razpostavljeno po travniku. Na prvem mestu kompanija od&nbsp;<strong>16. gorske brigade z generalom Krafta<\/strong>. Potem so bili vojaki v oddelkih razpostavljeni po seno\u017eetih v polukrogu do ozeljanskega mostu. Prestolonaslednik je bil jako prijazen in je nagovoril vse posamezne, ki so nosili kako vojno odliko. Te je navadno vpra\u0161al, v kateri bitki in za kako dejanje so bili odlikovani. Potem je z vsem spremstvom generalov in \u0161taba nadzoroval&nbsp;<strong>16. gorsko brigado, ki jej je poveljeval general Breit in obstaja iz 92. in 17. polka<\/strong>.<\/em><\/p>\n\n\n\n<figure class=\"wp-block-image size-full\"><a href=\"https:\/\/sempas.si\/wpsempas\/wp-content\/uploads\/2023\/06\/08-4.jpg\"><img decoding=\"async\" width=\"1000\" height=\"634\" src=\"https:\/\/sempas.si\/wpsempas\/wp-content\/uploads\/2023\/06\/08-4.jpg\" alt=\"\" class=\"wp-image-664\" srcset=\"https:\/\/sempas.si\/wpsempas\/wp-content\/uploads\/2023\/06\/08-4.jpg 1000w, https:\/\/sempas.si\/wpsempas\/wp-content\/uploads\/2023\/06\/08-4-300x190.jpg 300w, https:\/\/sempas.si\/wpsempas\/wp-content\/uploads\/2023\/06\/08-4-768x487.jpg 768w\" sizes=\"(max-width: 1000px) 100vw, 1000px\" \/><\/a><\/figure>\n\n\n\n<h6 class=\"wp-block-heading\" style=\"font-size:0.7rem;text-transform:none\">Prestolonaslednik Karel in general Borojevi\u0107 s spremstvom pregledujeta postrojene enote na travniku pri Lebanovi hi\u0161i pod \u0160empasom 24.09.1915. \u010castniki na skrajni levi z zanimanjem opazujejo obstreljevanje italjanskega zrakoplova. (zbirka: David Erik Pipan)<\/h6>\n\n\n\n<p><em>Ob tem \u010dasu je privesljal italijanski zrakoplov \u010drez Kras v Vipavsko dolino skoraj \u017ee nad na\u0161e voja\u0161tvo. Ali mo\u010dni pozdravi na\u0161ih strelov so vplivali, da je hitro zginil z obzorja proti svoji domovini. Ob koncu razpostavljenih \u010det pod cesto pri&nbsp;<strong>Vinku Lebanu<\/strong>&nbsp;so se zbrali ljudje tamkaj\u0161ne okolice in so prestolonaslednika pozdravili z navdu\u0161enim klicem &#8220;\u017eivio prestolonaslednik&#8221;, ki je bil vidno ginjen, dobre o\u010di opazovalcev so baje videle, da se mu je solza vtrnila v o\u010deh.<\/em><\/p>\n\n\n\n<p><em>V tukaj\u0161nji divizije so zbrani vojaki raznih narodnostij. Prestolonaslednik je govoril z vojaki sploh v njihovem narodnem jeziku, nem\u0161ki, madjarski, \u010de\u0161ki in hrvatski. Od\u0161el je jako zadovoljen.&nbsp;<\/em><\/p>\n\n\n\n<figure class=\"wp-block-image size-full\"><a href=\"https:\/\/sempas.si\/wpsempas\/wp-content\/uploads\/2023\/06\/04-5.jpg\"><img decoding=\"async\" width=\"1000\" height=\"566\" src=\"https:\/\/sempas.si\/wpsempas\/wp-content\/uploads\/2023\/06\/04-5.jpg\" alt=\"\" class=\"wp-image-665\" srcset=\"https:\/\/sempas.si\/wpsempas\/wp-content\/uploads\/2023\/06\/04-5.jpg 1000w, https:\/\/sempas.si\/wpsempas\/wp-content\/uploads\/2023\/06\/04-5-300x170.jpg 300w, https:\/\/sempas.si\/wpsempas\/wp-content\/uploads\/2023\/06\/04-5-768x435.jpg 768w\" sizes=\"(max-width: 1000px) 100vw, 1000px\" \/><\/a><\/figure>\n\n\n\n<figure class=\"wp-block-image size-full\"><a href=\"https:\/\/sempas.si\/wpsempas\/wp-content\/uploads\/2023\/06\/05-5.jpg\"><img decoding=\"async\" width=\"1000\" height=\"655\" src=\"https:\/\/sempas.si\/wpsempas\/wp-content\/uploads\/2023\/06\/05-5.jpg\" alt=\"\" class=\"wp-image-666\" srcset=\"https:\/\/sempas.si\/wpsempas\/wp-content\/uploads\/2023\/06\/05-5.jpg 1000w, https:\/\/sempas.si\/wpsempas\/wp-content\/uploads\/2023\/06\/05-5-300x197.jpg 300w, https:\/\/sempas.si\/wpsempas\/wp-content\/uploads\/2023\/06\/05-5-768x503.jpg 768w\" sizes=\"(max-width: 1000px) 100vw, 1000px\" \/><\/a><\/figure>\n\n\n\n<figure class=\"wp-block-image size-full\"><a href=\"https:\/\/sempas.si\/wpsempas\/wp-content\/uploads\/2023\/06\/06-5.jpg\"><img decoding=\"async\" width=\"1000\" height=\"626\" src=\"https:\/\/sempas.si\/wpsempas\/wp-content\/uploads\/2023\/06\/06-5.jpg\" alt=\"\" class=\"wp-image-667\" srcset=\"https:\/\/sempas.si\/wpsempas\/wp-content\/uploads\/2023\/06\/06-5.jpg 1000w, https:\/\/sempas.si\/wpsempas\/wp-content\/uploads\/2023\/06\/06-5-300x188.jpg 300w, https:\/\/sempas.si\/wpsempas\/wp-content\/uploads\/2023\/06\/06-5-768x481.jpg 768w\" sizes=\"(max-width: 1000px) 100vw, 1000px\" \/><\/a><\/figure>\n\n\n\n<figure class=\"wp-block-image size-full\"><a href=\"https:\/\/sempas.si\/wpsempas\/wp-content\/uploads\/2023\/06\/09-4.jpg\"><img decoding=\"async\" width=\"1000\" height=\"742\" src=\"https:\/\/sempas.si\/wpsempas\/wp-content\/uploads\/2023\/06\/09-4.jpg\" alt=\"\" class=\"wp-image-668\" srcset=\"https:\/\/sempas.si\/wpsempas\/wp-content\/uploads\/2023\/06\/09-4.jpg 1000w, https:\/\/sempas.si\/wpsempas\/wp-content\/uploads\/2023\/06\/09-4-300x223.jpg 300w, https:\/\/sempas.si\/wpsempas\/wp-content\/uploads\/2023\/06\/09-4-768x570.jpg 768w\" sizes=\"(max-width: 1000px) 100vw, 1000px\" \/><\/a><\/figure>\n\n\n\n<h6 class=\"wp-block-heading\" style=\"font-size:0.7rem;text-transform:none\">Prestolonaslednik Karel in general Borojevi\u0107 s spremstvom pregledujeta postrojene enote na \u0160empaskem polju 24.09.1915. (zbirka: David Erik Pipan)<\/h6>\n\n\n\n<p><em>V spomin na obisk prestolonaslednika smo postavili pomenljiv spomenik. Z sopomo\u010djo tukaj\u0161njega divizijonarja&nbsp;<strong>ekscelence Artur Winklerja<\/strong>&nbsp;se je popolnoma prenovila &#8220;Uta&#8221; va\u0161kega studenca, dvignil se je izvirk, napravila se nova lopa in okolica spremenila v mali park. Ta &#8220;Uta&#8221;, &nbsp;stoje\u010da tik travnika, kjer je prestolonaslednik nadzoroval, postavljena v kamnu in cementu je dobila napis: &#8220;<strong>Karol Fran Josipov studenec.<\/strong>&#8220;<\/em><\/p>\n\n\n\n<figure class=\"wp-block-image size-large\"><a href=\"https:\/\/sempas.si\/wpsempas\/wp-content\/uploads\/2023\/06\/03-5.jpg\"><img decoding=\"async\" width=\"767\" height=\"1024\" src=\"https:\/\/sempas.si\/wpsempas\/wp-content\/uploads\/2023\/06\/03-5-767x1024.jpg\" alt=\"\" class=\"wp-image-669\" srcset=\"https:\/\/sempas.si\/wpsempas\/wp-content\/uploads\/2023\/06\/03-5-767x1024.jpg 767w, https:\/\/sempas.si\/wpsempas\/wp-content\/uploads\/2023\/06\/03-5-225x300.jpg 225w, https:\/\/sempas.si\/wpsempas\/wp-content\/uploads\/2023\/06\/03-5-768x1025.jpg 768w, https:\/\/sempas.si\/wpsempas\/wp-content\/uploads\/2023\/06\/03-5.jpg 1000w\" sizes=\"(max-width: 767px) 100vw, 767px\" \/><\/a><\/figure>\n\n\n\n<p>Oznanilna knjiga se zaklju\u010di z oktobrom 1915. Naprej so strani iztrgane iz zvezka. Pravzaprav so dodani listi\u010di na pisemskem papirju, ki so nekak\u0161na strnjena kronika dogodkov v \u0160empasu do poletja 1916. \u017dupnik Gr\u010da je verjetno v oznanilno knjigo zapisoval do odhoda v begunstvo. Izgleda, da je nekdo nasilno iztrgal liste na koncu zvezka. \u017dal lahko o vzrokih le ugibamo.<\/p>\n\n\n\n<p style=\"font-size:0.7rem\">Viri:<br>Status personalis et localis Archidioeceseos Goritiensis, leto 1915<br>\u017dupnijski arhiv \u0160empas, Nedeljska oznanila 1910 \u2013 ?<br>\u017dupnijski arhiv \u0160empas, Nedeljska oznanila 1918 \u2013 1925<br>Alojzij Novak, \u010crni\u0161ka kronika<br>Statistica delle campane asportate dalle provincie venete dai Germanici e dagli Austro-ungarici o distrutte nella zona di guerra, 2. popravljena izdaja, Tipografia San Marco, Benetke\/Venezia 1919<\/p>\n","protected":false},"excerpt":{"rendered":"<p>V \u0160empasu\u00a0ob stari \u0161oli\u00a0je Krajevna skupnost \u0160empas izgradila trg imenovan po botaniku Francu Kra\u0161anu rojenem v \u0160empasu leta 1840, umrl v Gradcu leta 1907 , kjer je tudi pokopan.\u00a0V desnem predelu trga se nahaja\u00a0Studenec nadvojvode Karol Fran Josip\u00a0. Studenec je bil postavljen v spomin na dan, ko je \u0160empas obiskal\u00a0prestolonaslednik \u00a0Avstroogrske \u00a0monarhije \u00a0Karel I. Habsbur\u0161ki [&hellip;]<\/p>\n","protected":false},"author":1,"featured_media":668,"comment_status":"closed","ping_status":"open","sticky":false,"template":"","format":"standard","meta":{"_sl_post_content":"<!-- wp:paragraph -->\n<p><strong>V \u0160empasu<\/strong>\u00a0<strong>ob stari \u0161oli<\/strong>\u00a0je Krajevna skupnost \u0160empas izgradila trg imenovan po botaniku Francu Kra\u0161anu rojenem v \u0160empasu leta 1840, umrl v Gradcu leta 1907 , kjer je tudi pokopan.\u00a0<br>V desnem predelu trga se nahaja<strong>\u00a0Studenec nadvojvode Karol Fran Josip<\/strong>\u00a0. Studenec je bil postavljen v spomin na dan, ko je \u0160empas obiskal\u00a0<strong>prestolonaslednik \u00a0Avstroogrske \u00a0monarhije \u00a0<a href=\"http:\/\/sl.wikipedia.org\/wiki\/Karel_I._Habsbur%C5%A1ko-Lotarin%C5%A1ki\">Karel I. Habsbur\u0161ki \u2013 Lotarin\u0161ki<\/a>.<\/strong><\/p>\n<!-- \/wp:paragraph -->\n\n<!-- wp:image {\"id\":661,\"sizeSlug\":\"full\",\"linkDestination\":\"media\"} -->\n<figure class=\"wp-block-image size-full\"><a href=\"https:\/\/sempas.si\/wpsempas\/wp-content\/uploads\/2023\/06\/01-6.jpg\"><img src=\"https:\/\/sempas.si\/wpsempas\/wp-content\/uploads\/2023\/06\/01-6.jpg\" alt=\"\" class=\"wp-image-661\"\/><\/a><\/figure>\n<!-- \/wp:image -->\n\n<!-- wp:paragraph -->\n<p>Zanimivost predstavlja sam&nbsp;<strong>napis na plo\u0161\u010di<\/strong>&nbsp;nad uto studenca , saj je v&nbsp;<strong>Slovenskem jeziku<\/strong>&nbsp;katerega se v Avstrijski vojski praviloma ni uporabljalo.<\/p>\n<!-- \/wp:paragraph -->\n\n<!-- wp:image {\"id\":662,\"sizeSlug\":\"large\",\"linkDestination\":\"media\"} -->\n<figure class=\"wp-block-image size-large\"><a href=\"https:\/\/sempas.si\/wpsempas\/wp-content\/uploads\/2023\/06\/02-5.jpg\"><img src=\"https:\/\/sempas.si\/wpsempas\/wp-content\/uploads\/2023\/06\/02-5-768x1024.jpg\" alt=\"\" class=\"wp-image-662\"\/><\/a><\/figure>\n<!-- \/wp:image -->\n\n<!-- wp:heading {\"level\":6,\"style\":{\"typography\":{\"textTransform\":\"none\",\"fontSize\":\"0.7rem\"}}} -->\n<h6 class=\"wp-block-heading\" style=\"font-size:0.7rem;text-transform:none\">Napis na plo\u0161\u010di. (fotografirala Silvijo Oberdank in David Erik Pipan v decembru 2004)<\/h6>\n<!-- \/wp:heading -->\n\n<!-- wp:paragraph -->\n<p>Obisk tedanjega prestolonaslednika in poznej\u0161ega zadnjega&nbsp;<strong>habsbur\u0161kega cesarja Karla<\/strong>&nbsp;je v oznanilni knjigi lepo opisal &nbsp;<strong>dolgoletni \u017eupnik v \u0160empasu &nbsp;Bla\u017e Gr\u010da<\/strong>&nbsp;&nbsp;(<strong>od leta 1899 do smrti leta 1939<\/strong>) &nbsp;pod naslovom&nbsp;<br><strong>\u00bbZnameniti dan\u00ab<\/strong>:<\/p>\n<!-- \/wp:paragraph -->\n\n<!-- wp:paragraph -->\n<p><em>\"<strong>V petek dne 24. sept. 1915 se je pripeljal v \u0160empas<\/strong>&nbsp;v avtomobilu prestolonaslednik nadvojvoda&nbsp;<strong>Karol Fran Josip<\/strong>&nbsp;nadzorovat na\u0161e hrabre bojevnike.<\/em><\/p>\n<!-- \/wp:paragraph -->\n\n<!-- wp:image {\"id\":663,\"sizeSlug\":\"full\",\"linkDestination\":\"media\"} -->\n<figure class=\"wp-block-image size-full\"><a href=\"https:\/\/sempas.si\/wpsempas\/wp-content\/uploads\/2023\/06\/07-4.jpg\"><img src=\"https:\/\/sempas.si\/wpsempas\/wp-content\/uploads\/2023\/06\/07-4.jpg\" alt=\"\" class=\"wp-image-663\"\/><\/a><\/figure>\n<!-- \/wp:image -->\n\n<!-- wp:heading {\"level\":6,\"style\":{\"typography\":{\"fontSize\":\"0.7rem\",\"textTransform\":\"none\"}}} -->\n<h6 class=\"wp-block-heading\" style=\"font-size:0.7rem;text-transform:none\">Prihod prestolonaslednika Karla s spremstvom v \u0160empas 24.09.1915 (zbirka: David Erik Pipan)<\/h6>\n<!-- \/wp:heading -->\n\n<!-- wp:paragraph -->\n<p><em>Do\u0161el je ob 8 uri zjutraj in &nbsp;se je tu mudil do 11h. Spremljali so ga mladi&nbsp;<strong>nadvojvoda Josip, vojni poveljnik Borojevi\u010d, ekscelenca Lubko<\/strong>&nbsp;in drugi. Sprejeli so ga pa&nbsp;<strong>generalmajor Wurm, feldml. Winkler, grof Berthold, biv\u0161i minister zunajnih zadev, general Breit<\/strong>&nbsp;in drugi. K sprejemu je do\u0161lo tudi lepo \u0161tevilo doma\u010dinov. Oba duhovnika,&nbsp;<strong>\u017eupnik Gr\u010da in kaplan Kodermac, upravitelj \u017eupanstva Humar, nadu\u010ditelj Kri\u017eman, u\u010diteljica Cecilija Fajgelj<\/strong>, \u0161olarji z malimi zastavicami v cesarskih, narodnih in de\u017eelnih barvah in mnogo ljudstva. Ob cesti in iz mnogih hi\u0161 so vihrale cesarske in narodne zastave. Pri uhodu na&nbsp;<strong>\u017eupnikov travnik<\/strong>, nasproti po\u0161tni lopi se je ustavilo sedem avtomobilov. Otroci so dvignili zastave in iz ust vsih civilistov je donel gromovit trikratni \u017eivio v pozdrav prestolonasledniku. Na travniku, kjer je bilo razpostavljeno voja\u0161tvo so se predstavili generali prestolonasledniku. V tem trenutku so se usuli okoli njih fotografi, da so od vsih strani fotografirali gru\u010do poveljnikov. Zanimivo na tej sliki je, da prestolonaslednik in generali salutirajo z levico. Fotograf je namre\u010d pri izvajanju slike steklo obrnil narobe.<\/em><\/p>\n<!-- \/wp:paragraph -->\n\n<!-- wp:paragraph -->\n<p><em>Mo\u0161tvo je bilo razpostavljeno po travniku. Na prvem mestu kompanija od&nbsp;<strong>16. gorske brigade z generalom Krafta<\/strong>. Potem so bili vojaki v oddelkih razpostavljeni po seno\u017eetih v polukrogu do ozeljanskega mostu. Prestolonaslednik je bil jako prijazen in je nagovoril vse posamezne, ki so nosili kako vojno odliko. Te je navadno vpra\u0161al, v kateri bitki in za kako dejanje so bili odlikovani. Potem je z vsem spremstvom generalov in \u0161taba nadzoroval&nbsp;<strong>16. gorsko brigado, ki jej je poveljeval general Breit in obstaja iz 92. in 17. polka<\/strong>.<\/em><\/p>\n<!-- \/wp:paragraph -->\n\n<!-- wp:image {\"id\":664,\"sizeSlug\":\"full\",\"linkDestination\":\"media\"} -->\n<figure class=\"wp-block-image size-full\"><a href=\"https:\/\/sempas.si\/wpsempas\/wp-content\/uploads\/2023\/06\/08-4.jpg\"><img src=\"https:\/\/sempas.si\/wpsempas\/wp-content\/uploads\/2023\/06\/08-4.jpg\" alt=\"\" class=\"wp-image-664\"\/><\/a><\/figure>\n<!-- \/wp:image -->\n\n<!-- wp:heading {\"level\":6,\"style\":{\"typography\":{\"textTransform\":\"none\",\"fontSize\":\"0.7rem\"}}} -->\n<h6 class=\"wp-block-heading\" style=\"font-size:0.7rem;text-transform:none\">Prestolonaslednik Karel in general Borojevi\u0107 s spremstvom pregledujeta postrojene enote na travniku pri Lebanovi hi\u0161i pod \u0160empasom 24.09.1915. \u010castniki na skrajni levi z zanimanjem opazujejo obstreljevanje italjanskega zrakoplova. (zbirka: David Erik Pipan)<\/h6>\n<!-- \/wp:heading -->\n\n<!-- wp:paragraph -->\n<p><em>Ob tem \u010dasu je privesljal italijanski zrakoplov \u010drez Kras v Vipavsko dolino skoraj \u017ee nad na\u0161e voja\u0161tvo. Ali mo\u010dni pozdravi na\u0161ih strelov so vplivali, da je hitro zginil z obzorja proti svoji domovini. Ob koncu razpostavljenih \u010det pod cesto pri&nbsp;<strong>Vinku Lebanu<\/strong>&nbsp;so se zbrali ljudje tamkaj\u0161ne okolice in so prestolonaslednika pozdravili z navdu\u0161enim klicem \"\u017eivio prestolonaslednik\", ki je bil vidno ginjen, dobre o\u010di opazovalcev so baje videle, da se mu je solza vtrnila v o\u010deh.<\/em><\/p>\n<!-- \/wp:paragraph -->\n\n<!-- wp:paragraph -->\n<p><em>V tukaj\u0161nji divizije so zbrani vojaki raznih narodnostij. Prestolonaslednik je govoril z vojaki sploh v njihovem narodnem jeziku, nem\u0161ki, madjarski, \u010de\u0161ki in hrvatski. Od\u0161el je jako zadovoljen.&nbsp;<\/em><\/p>\n<!-- \/wp:paragraph -->\n\n<!-- wp:image {\"id\":665,\"sizeSlug\":\"full\",\"linkDestination\":\"media\"} -->\n<figure class=\"wp-block-image size-full\"><a href=\"https:\/\/sempas.si\/wpsempas\/wp-content\/uploads\/2023\/06\/04-5.jpg\"><img src=\"https:\/\/sempas.si\/wpsempas\/wp-content\/uploads\/2023\/06\/04-5.jpg\" alt=\"\" class=\"wp-image-665\"\/><\/a><\/figure>\n<!-- \/wp:image -->\n\n<!-- wp:image {\"id\":666,\"sizeSlug\":\"full\",\"linkDestination\":\"media\"} -->\n<figure class=\"wp-block-image size-full\"><a href=\"https:\/\/sempas.si\/wpsempas\/wp-content\/uploads\/2023\/06\/05-5.jpg\"><img src=\"https:\/\/sempas.si\/wpsempas\/wp-content\/uploads\/2023\/06\/05-5.jpg\" alt=\"\" class=\"wp-image-666\"\/><\/a><\/figure>\n<!-- \/wp:image -->\n\n<!-- wp:image {\"id\":667,\"sizeSlug\":\"full\",\"linkDestination\":\"media\"} -->\n<figure class=\"wp-block-image size-full\"><a href=\"https:\/\/sempas.si\/wpsempas\/wp-content\/uploads\/2023\/06\/06-5.jpg\"><img src=\"https:\/\/sempas.si\/wpsempas\/wp-content\/uploads\/2023\/06\/06-5.jpg\" alt=\"\" class=\"wp-image-667\"\/><\/a><\/figure>\n<!-- \/wp:image -->\n\n<!-- wp:image {\"id\":668,\"sizeSlug\":\"full\",\"linkDestination\":\"media\"} -->\n<figure class=\"wp-block-image size-full\"><a href=\"https:\/\/sempas.si\/wpsempas\/wp-content\/uploads\/2023\/06\/09-4.jpg\"><img src=\"https:\/\/sempas.si\/wpsempas\/wp-content\/uploads\/2023\/06\/09-4.jpg\" alt=\"\" class=\"wp-image-668\"\/><\/a><\/figure>\n<!-- \/wp:image -->\n\n<!-- wp:heading {\"level\":6,\"style\":{\"typography\":{\"textTransform\":\"none\",\"fontSize\":\"0.7rem\"}}} -->\n<h6 class=\"wp-block-heading\" style=\"font-size:0.7rem;text-transform:none\">Prestolonaslednik Karel in general Borojevi\u0107 s spremstvom pregledujeta postrojene enote na \u0160empaskem polju 24.09.1915. (zbirka: David Erik Pipan)<\/h6>\n<!-- \/wp:heading -->\n\n<!-- wp:paragraph -->\n<p><em>V spomin na obisk prestolonaslednika smo postavili pomenljiv spomenik. Z sopomo\u010djo tukaj\u0161njega divizijonarja&nbsp;<strong>ekscelence Artur Winklerja<\/strong>&nbsp;se je popolnoma prenovila \"Uta\" va\u0161kega studenca, dvignil se je izvirk, napravila se nova lopa in okolica spremenila v mali park. Ta \"Uta\", &nbsp;stoje\u010da tik travnika, kjer je prestolonaslednik nadzoroval, postavljena v kamnu in cementu je dobila napis: \"<strong>Karol Fran Josipov studenec.<\/strong>\"<\/em><\/p>\n<!-- \/wp:paragraph -->\n\n<!-- wp:image {\"id\":669,\"sizeSlug\":\"large\",\"linkDestination\":\"media\"} -->\n<figure class=\"wp-block-image size-large\"><a href=\"https:\/\/sempas.si\/wpsempas\/wp-content\/uploads\/2023\/06\/03-5.jpg\"><img src=\"https:\/\/sempas.si\/wpsempas\/wp-content\/uploads\/2023\/06\/03-5-767x1024.jpg\" alt=\"\" class=\"wp-image-669\"\/><\/a><\/figure>\n<!-- \/wp:image -->\n\n<!-- wp:paragraph -->\n<p>Oznanilna knjiga se zaklju\u010di z oktobrom 1915. Naprej so strani iztrgane iz zvezka. Pravzaprav so dodani listi\u010di na pisemskem papirju, ki so nekak\u0161na strnjena kronika dogodkov v \u0160empasu do poletja 1916. \u017dupnik Gr\u010da je verjetno v oznanilno knjigo zapisoval do odhoda v begunstvo. Izgleda, da je nekdo nasilno iztrgal liste na koncu zvezka. \u017dal lahko o vzrokih le ugibamo.<\/p>\n<!-- \/wp:paragraph -->\n\n<!-- wp:paragraph {\"style\":{\"typography\":{\"fontSize\":\"0.7rem\"}}} -->\n<p style=\"font-size:0.7rem\">Viri:<br>Status personalis et localis Archidioeceseos Goritiensis, leto 1915<br>\u017dupnijski arhiv \u0160empas, Nedeljska oznanila 1910 \u2013 ?<br>\u017dupnijski arhiv \u0160empas, Nedeljska oznanila 1918 \u2013 1925<br>Alojzij Novak, \u010crni\u0161ka kronika<br>Statistica delle campane asportate dalle provincie venete dai Germanici e dagli Austro-ungarici o distrutte nella zona di guerra, 2. popravljena izdaja, Tipografia San Marco, Benetke\/Venezia 1919<\/p>\n<!-- \/wp:paragraph -->","_sl_post_name":"studenec-nadvojvode-karola-fran-josipa","_sl_post_excerpt":"","_sl_post_title":"Studenec nadvojvode Karola Fran Josipa","_en_post_content":"","_en_post_name":"","_en_post_excerpt":"","_en_post_title":"","_it_post_content":"","_it_post_name":"","_it_post_excerpt":"","_it_post_title":"","edit_language":"sl","footnotes":""},"categories":[28],"tags":[],"class_list":["post-660","post","type-post","status-publish","format-standard","has-post-thumbnail","hentry","category-studenec-nadvojvode"],"_links":{"self":[{"href":"https:\/\/sempas.si\/wpsempas\/wp-json\/wp\/v2\/posts\/660","targetHints":{"allow":["GET"]}}],"collection":[{"href":"https:\/\/sempas.si\/wpsempas\/wp-json\/wp\/v2\/posts"}],"about":[{"href":"https:\/\/sempas.si\/wpsempas\/wp-json\/wp\/v2\/types\/post"}],"author":[{"embeddable":true,"href":"https:\/\/sempas.si\/wpsempas\/wp-json\/wp\/v2\/users\/1"}],"replies":[{"embeddable":true,"href":"https:\/\/sempas.si\/wpsempas\/wp-json\/wp\/v2\/comments?post=660"}],"version-history":[{"count":1,"href":"https:\/\/sempas.si\/wpsempas\/wp-json\/wp\/v2\/posts\/660\/revisions"}],"predecessor-version":[{"id":670,"href":"https:\/\/sempas.si\/wpsempas\/wp-json\/wp\/v2\/posts\/660\/revisions\/670"}],"wp:featuredmedia":[{"embeddable":true,"href":"https:\/\/sempas.si\/wpsempas\/wp-json\/wp\/v2\/media\/668"}],"wp:attachment":[{"href":"https:\/\/sempas.si\/wpsempas\/wp-json\/wp\/v2\/media?parent=660"}],"wp:term":[{"taxonomy":"category","embeddable":true,"href":"https:\/\/sempas.si\/wpsempas\/wp-json\/wp\/v2\/categories?post=660"},{"taxonomy":"post_tag","embeddable":true,"href":"https:\/\/sempas.si\/wpsempas\/wp-json\/wp\/v2\/tags?post=660"}],"curies":[{"name":"wp","href":"https:\/\/api.w.org\/{rel}","templated":true}]}}