{"id":819,"date":"2020-06-27T16:22:34","date_gmt":"2020-06-27T16:22:34","guid":{"rendered":"https:\/\/sempas.si\/wpsempas\/?p=819"},"modified":"2024-11-28T00:14:40","modified_gmt":"2024-11-28T00:14:40","slug":"","status":"publish","type":"post","link":"https:\/\/sempas.si\/wpsempas\/it\/2020\/06\/27\/delo-drustva-2018\/","title":{"rendered":"","raw":""},"content":{"rendered":"","protected":false,"raw":""},"excerpt":{"rendered":"","protected":false,"raw":""},"author":1,"featured_media":822,"comment_status":"closed","ping_status":"open","sticky":false,"template":"","format":"standard","meta":{"_sl_post_content":"<!-- wp:paragraph -->\n<p>V letu 2018 bomo imeli slede\u010da dela<\/p>\n<!-- \/wp:paragraph -->\n\n<!-- wp:paragraph -->\n<p>1. Praznovali bomo 8. marec s kulturnim in zabavnim programom, na ta dan bomo imeli tudi ob\u010dni zbor D.U.<br>2. Organizirali bomo tradicionalni pohod po Vitovljah (8.4.2018)<br>3. Maja bomo prisotni na tradicionalni bri\u0161koli v Solkanu<br>4. \u0160porten igre upokojencev Primorske- meseca maja<br>5. Dvodnevni izlet \u0160vica in Boromejski otoki 9.-10.6.2018<br>6. Sre\u010danje upokojencev severne in ju\u017ene primorske (junij)<br>7. Piknik v Ozeljanu (avgust)<br>8. September plovba z barko po Ljubljanici in ogled okolice<br>9. Martinovanje v \u0160empasu (11.11.2018)<br>10. Tradicionalna bri\u0161kola v Domu upokojencev Gradi\u0161\u010de<br>11. Pohod po \u0160empaskih bregovih in Miklav\u017eev pohod<br>12. Sre\u010danje \u010dlanov dru\u0161tva ob zaklju\u010dku leta<br>13. Redni sestanki dru\u0161tva in nadzornega odbora za delovanje dru\u0161tva<br>14. Obiskovanje \u010dlanov dru\u0161tva po domovih in majhna obdaritev<\/p>\n<!-- \/wp:paragraph -->\n\n<!-- wp:list -->\n<ul><!-- wp:list-item -->\n<li>Sre\u010danje ob rojstnih dnevih<\/li>\n<!-- \/wp:list-item -->\n\n<!-- wp:list-item -->\n<li>Sre\u010danje starej\u0161ih za starej\u0161e<\/li>\n<!-- \/wp:list-item --><\/ul>\n<!-- \/wp:list -->\n\n<!-- wp:paragraph -->\n<p>15. \u010clanice dru\u0161tva tudi v tem letu nadaljujejo z rekreacijo<br>16. Razna druga sre\u010danja<\/p>\n<!-- \/wp:paragraph -->\n\n<!-- wp:list -->\n<ul><!-- wp:list-item -->\n<li>Predsednika z \u010dlani drugih dru\u0161tev<\/li>\n<!-- \/wp:list-item -->\n\n<!-- wp:list-item -->\n<li>Sre\u010danja in sestanki U. Odbora severne primorske<\/li>\n<!-- \/wp:list-item --><\/ul>\n<!-- \/wp:list -->\n\n<!-- wp:paragraph -->\n<p>17. Upravni odbor in nadzorni odbor bo nadaljeval s sestanki tudi v letu 2018<\/p>\n<!-- \/wp:paragraph -->\n\n<!-- wp:gallery {\"linkTo\":\"media\"} -->\n<figure class=\"wp-block-gallery has-nested-images columns-default is-cropped\"><!-- wp:image {\"id\":823,\"sizeSlug\":\"large\",\"linkDestination\":\"media\"} -->\n<figure class=\"wp-block-image size-large\"><a href=\"https:\/\/sempas.si\/wpsempas\/wp-content\/uploads\/2023\/06\/01-8.jpg\"><img src=\"https:\/\/sempas.si\/wpsempas\/wp-content\/uploads\/2023\/06\/01-8.jpg\" alt=\"\" class=\"wp-image-823\"\/><\/a><\/figure>\n<!-- \/wp:image -->\n\n<!-- wp:image {\"id\":820,\"sizeSlug\":\"large\",\"linkDestination\":\"media\"} -->\n<figure class=\"wp-block-image size-large\"><a href=\"https:\/\/sempas.si\/wpsempas\/wp-content\/uploads\/2023\/06\/02-7.jpg\"><img src=\"https:\/\/sempas.si\/wpsempas\/wp-content\/uploads\/2023\/06\/02-7.jpg\" alt=\"\" class=\"wp-image-820\"\/><\/a><\/figure>\n<!-- \/wp:image -->\n\n<!-- wp:image {\"id\":822,\"sizeSlug\":\"large\",\"linkDestination\":\"media\"} -->\n<figure class=\"wp-block-image size-large\"><a href=\"https:\/\/sempas.si\/wpsempas\/wp-content\/uploads\/2023\/06\/03-7.jpg\"><img src=\"https:\/\/sempas.si\/wpsempas\/wp-content\/uploads\/2023\/06\/03-7.jpg\" alt=\"\" class=\"wp-image-822\"\/><\/a><\/figure>\n<!-- \/wp:image -->\n\n<!-- wp:image {\"id\":824,\"sizeSlug\":\"large\",\"linkDestination\":\"media\"} -->\n<figure class=\"wp-block-image size-large\"><a href=\"https:\/\/sempas.si\/wpsempas\/wp-content\/uploads\/2023\/06\/04-7.jpg\"><img src=\"https:\/\/sempas.si\/wpsempas\/wp-content\/uploads\/2023\/06\/04-7.jpg\" alt=\"\" class=\"wp-image-824\"\/><\/a><\/figure>\n<!-- \/wp:image -->\n\n<!-- wp:image {\"id\":821,\"sizeSlug\":\"large\",\"linkDestination\":\"media\"} -->\n<figure class=\"wp-block-image size-large\"><a href=\"https:\/\/sempas.si\/wpsempas\/wp-content\/uploads\/2023\/06\/05-7.jpg\"><img src=\"https:\/\/sempas.si\/wpsempas\/wp-content\/uploads\/2023\/06\/05-7.jpg\" alt=\"\" class=\"wp-image-821\"\/><\/a><\/figure>\n<!-- \/wp:image --><\/figure>\n<!-- \/wp:gallery -->","_sl_post_name":"delo-drustva-2018","_sl_post_excerpt":"","_sl_post_title":"Delo dru\u0161tva 2018","_en_post_content":"","_en_post_name":"","_en_post_excerpt":"","_en_post_title":"","_it_post_content":"","_it_post_name":"","_it_post_excerpt":"","_it_post_title":"","edit_language":"it","footnotes":""},"categories":[12],"tags":[],"class_list":["post-819","post","type-post","status-publish","format-standard","has-post-thumbnail","hentry","category-drustvo-upokojencev-sempas"],"_links":{"self":[{"href":"https:\/\/sempas.si\/wpsempas\/it\/wp-json\/wp\/v2\/posts\/819","targetHints":{"allow":["GET"]}}],"collection":[{"href":"https:\/\/sempas.si\/wpsempas\/it\/wp-json\/wp\/v2\/posts"}],"about":[{"href":"https:\/\/sempas.si\/wpsempas\/it\/wp-json\/wp\/v2\/types\/post"}],"author":[{"embeddable":true,"href":"https:\/\/sempas.si\/wpsempas\/it\/wp-json\/wp\/v2\/users\/1"}],"replies":[{"embeddable":true,"href":"https:\/\/sempas.si\/wpsempas\/it\/wp-json\/wp\/v2\/comments?post=819"}],"version-history":[{"count":1,"href":"https:\/\/sempas.si\/wpsempas\/it\/wp-json\/wp\/v2\/posts\/819\/revisions"}],"predecessor-version":[{"id":825,"href":"https:\/\/sempas.si\/wpsempas\/it\/wp-json\/wp\/v2\/posts\/819\/revisions\/825"}],"wp:featuredmedia":[{"embeddable":true,"href":"https:\/\/sempas.si\/wpsempas\/it\/wp-json\/wp\/v2\/media\/822"}],"wp:attachment":[{"href":"https:\/\/sempas.si\/wpsempas\/it\/wp-json\/wp\/v2\/media?parent=819"}],"wp:term":[{"taxonomy":"category","embeddable":true,"href":"https:\/\/sempas.si\/wpsempas\/it\/wp-json\/wp\/v2\/categories?post=819"},{"taxonomy":"post_tag","embeddable":true,"href":"https:\/\/sempas.si\/wpsempas\/it\/wp-json\/wp\/v2\/tags?post=819"}],"curies":[{"name":"wp","href":"https:\/\/api.w.org\/{rel}","templated":true}]}}