{"id":1923,"date":"2026-04-02T09:21:00","date_gmt":"2026-04-02T09:21:00","guid":{"rendered":"https:\/\/sempas.si\/wpsempas\/?p=1923"},"modified":"2026-04-02T08:33:15","modified_gmt":"2026-04-02T08:33:15","slug":"","status":"publish","type":"post","link":"https:\/\/sempas.si\/wpsempas\/it\/2026\/04\/02\/volitve-2026\/","title":{"rendered":"","raw":""},"content":{"rendered":"","protected":false,"raw":""},"excerpt":{"rendered":"","protected":false,"raw":""},"author":1,"featured_media":0,"comment_status":"closed","ping_status":"closed","sticky":false,"template":"","format":"standard","meta":{"_sl_post_content":"<!-- wp:paragraph -->\n<p>V petek 27.marca 2026 so bile, na podlagi Sklepa Izvr\u0161nega odbora TD \u0160empas iz dne 11. 2. 2026, izpeljane volitve v organe Turisti\u010dnega dru\u0161tva \u0160empas, vendar zaradi pomanjkanja kandidatov, ki bi sprejeli vlogo predsednika in vlogo \u010dlanov Izvr\u0161nega odbora, je potrebno volitve ponoviti.<\/p>\n<!-- \/wp:paragraph -->\n\n<!-- wp:paragraph -->\n<p>V skladu z Zakonom o dru\u0161tvih (UL RS \u0161t.64\/2011) in Zakonom o nevladnih organizacijah (21\/2018) so bile na rednem volilnem ob\u010dnem zboru dne 27.03.2026, razpisane ponovne volitve in sicer za<\/p>\n<!-- \/wp:paragraph -->\n\n<!-- wp:paragraph -->\n<p><strong>sredo 15.04. 2016 ob 20.00 v konferen\u010dni dvorani Kulturnega doma \u0160empas.<\/strong><\/p>\n<!-- \/wp:paragraph -->\n\n<!-- wp:paragraph -->\n<p>Kandidate\/kandidatke za predsednika in \u010dlane\/\u010dlanice drugih organov TD \u0160empas lahko predlagajo \u010dlani, ki imajo volilno pravico. Za vlo\u017eitev kandidature je potrebno pisno soglasje kandidata\/kandidatke. Soglasje kandidata\/kandidatke je nepreklicno.<\/p>\n<!-- \/wp:paragraph -->\n\n<!-- wp:paragraph -->\n<p>Vabljeni vsi, ki bi si \u017eeleli priklju\u010diti TD \u0160empas..<\/p>\n<!-- \/wp:paragraph -->\n\n<!-- wp:paragraph -->\n<p>Kandidatura se vlo\u017ei na obrazcu, ki je dosegljiv na spletni strani <a href=\"https:\/\/sempas.si\/wpsempas\/2026\/03\/04\/volitve-2026\/\">www.sempas.si<\/a> pod rubriko Volitve TD \u0160empas 2026 Obrazec kandidature.<\/p>\n<!-- \/wp:paragraph -->\n\n<!-- wp:paragraph -->\n<p>Kandidature se predlo\u017eijo izvr\u0161nemu odboru najkasneje <strong>do ponedeljka, 13. 4. 2026, do 24. ure<\/strong>.<\/p>\n<!-- \/wp:paragraph -->\n\n<!-- wp:paragraph -->\n<p>Kandidaturo se lahko vlo\u017ei osebno ali po po\u0161ti: Upravni odbor TD \u0160empas, \u0160empas 29, 5261 \u0160empas ali pa po e-po\u0161ti: <a href=\"mailto:td.sempas@gmail.com\">td.sempas@gmail.com<\/a>.<\/p>\n<!-- \/wp:paragraph -->\n\n<!-- wp:spacer -->\n<div style=\"height:100px\" aria-hidden=\"true\" class=\"wp-block-spacer\"><\/div>\n<!-- \/wp:spacer -->\n\n<!-- wp:file {\"id\":1929,\"href\":\"https:\/\/sempas.si\/wpsempas\/wp-content\/uploads\/2026\/03\/SOGLASJE-H-KANDIDATURI-PDF.pdf\",\"displayPreview\":false} -->\n<div class=\"wp-block-file\"><a id=\"wp-block-file--media-3b758ae5-ed19-4917-98bd-d7cf5b0e7cc0\" href=\"https:\/\/sempas.si\/wpsempas\/wp-content\/uploads\/2026\/03\/SOGLASJE-H-KANDIDATURI-PDF.pdf\">SOGLASJE H KANDIDATURI (PDF)<\/a><a href=\"https:\/\/sempas.si\/wpsempas\/wp-content\/uploads\/2026\/03\/SOGLASJE-H-KANDIDATURI-PDF.pdf\" class=\"wp-block-file__button wp-element-button\" download aria-describedby=\"wp-block-file--media-3b758ae5-ed19-4917-98bd-d7cf5b0e7cc0\">Download<\/a><\/div>\n<!-- \/wp:file -->\n\n<!-- wp:file {\"id\":1930,\"href\":\"https:\/\/sempas.si\/wpsempas\/wp-content\/uploads\/2026\/03\/SOGLASJE-H-KANDIDATURI-MS-Word.docx\"} -->\n<div class=\"wp-block-file\"><a id=\"wp-block-file--media-1d3856ba-6b05-45e2-9fae-51f1bd377662\" href=\"https:\/\/sempas.si\/wpsempas\/wp-content\/uploads\/2026\/03\/SOGLASJE-H-KANDIDATURI-MS-Word.docx\">SOGLASJE H KANDIDATURI (MS Word)<\/a><a href=\"https:\/\/sempas.si\/wpsempas\/wp-content\/uploads\/2026\/03\/SOGLASJE-H-KANDIDATURI-MS-Word.docx\" class=\"wp-block-file__button wp-element-button\" download aria-describedby=\"wp-block-file--media-1d3856ba-6b05-45e2-9fae-51f1bd377662\">Download<\/a><\/div>\n<!-- \/wp:file -->\n\n<!-- wp:paragraph -->\n<p><\/p>\n<!-- \/wp:paragraph -->","_sl_post_name":"volitve-2026","_sl_post_excerpt":"","_sl_post_title":"Turisti\u010dno Dru\u0161tvo \u0160empas - Volitve 2026","_en_post_content":"","_en_post_name":"","_en_post_excerpt":"","_en_post_title":"","_it_post_content":"","_it_post_name":"","_it_post_excerpt":"","_it_post_title":"","edit_language":"it","footnotes":""},"categories":[7],"tags":[],"class_list":["post-1923","post","type-post","status-publish","format-standard","hentry","category-krajevna-skupnost-sempas"],"_links":{"self":[{"href":"https:\/\/sempas.si\/wpsempas\/it\/wp-json\/wp\/v2\/posts\/1923","targetHints":{"allow":["GET"]}}],"collection":[{"href":"https:\/\/sempas.si\/wpsempas\/it\/wp-json\/wp\/v2\/posts"}],"about":[{"href":"https:\/\/sempas.si\/wpsempas\/it\/wp-json\/wp\/v2\/types\/post"}],"author":[{"embeddable":true,"href":"https:\/\/sempas.si\/wpsempas\/it\/wp-json\/wp\/v2\/users\/1"}],"replies":[{"embeddable":true,"href":"https:\/\/sempas.si\/wpsempas\/it\/wp-json\/wp\/v2\/comments?post=1923"}],"version-history":[{"count":13,"href":"https:\/\/sempas.si\/wpsempas\/it\/wp-json\/wp\/v2\/posts\/1923\/revisions"}],"predecessor-version":[{"id":1943,"href":"https:\/\/sempas.si\/wpsempas\/it\/wp-json\/wp\/v2\/posts\/1923\/revisions\/1943"}],"wp:attachment":[{"href":"https:\/\/sempas.si\/wpsempas\/it\/wp-json\/wp\/v2\/media?parent=1923"}],"wp:term":[{"taxonomy":"category","embeddable":true,"href":"https:\/\/sempas.si\/wpsempas\/it\/wp-json\/wp\/v2\/categories?post=1923"},{"taxonomy":"post_tag","embeddable":true,"href":"https:\/\/sempas.si\/wpsempas\/it\/wp-json\/wp\/v2\/tags?post=1923"}],"curies":[{"name":"wp","href":"https:\/\/api.w.org\/{rel}","templated":true}]}}