{"id":1875,"date":"2025-11-02T22:10:49","date_gmt":"2025-11-02T22:10:49","guid":{"rendered":"https:\/\/sempas.si\/wpsempas\/?p=1875"},"modified":"2025-11-02T22:14:50","modified_gmt":"2025-11-02T22:14:50","slug":"","status":"publish","type":"post","link":"https:\/\/sempas.si\/wpsempas\/it\/2025\/11\/02\/obisk-veleposlanika-republike-azerbajdzan-v-sloveniji\/","title":{"rendered":"","raw":""},"content":{"rendered":"","protected":false,"raw":""},"excerpt":{"rendered":"","protected":false,"raw":""},"author":1,"featured_media":1879,"comment_status":"closed","ping_status":"open","sticky":false,"template":"","format":"standard","meta":{"_sl_post_content":"<!-- wp:paragraph {\"style\":{\"elements\":{\"link\":{\"color\":{\"text\":\"var:preset|color|secondary\"}}}},\"textColor\":\"secondary\"} -->\n<p class=\"has-secondary-color has-text-color has-link-color\">Prvi \u010dlovek azerbajd\u017eanskega okro\u017eja Oghuz, g. Javid Abdul-Gadirov, je prej\u0161njo sredo v spremstvu veleposlanika Republike Azerbajd\u017ean v Sloveniji s sede\u017eem na Dunaju obiskal Mestno ob\u010dino Nova Gorica, z namenom, da z \u017eupanom Samom Turelom izmenjata mnenja in zamisli o prihodnjem razvoju vzajemnega partnerskega sodelovanja okro\u017eja Oghuz in MO Nova Gorica. Ob tej prilo\u017enosti je veleposlanik Rovshan Sadigbayli v imenu predsednika dr\u017eave Andreju Kompari, predsedniku Dru\u0161tva prijateljstva Slovenije in Azerbajd\u017eana, sve\u010dano podelil medaljo za dolgoletno delo in zasluge pri razvijanju prijateljskih odnosov in sodelovanja med dr\u017eavama, v tem okviru pa \u0161e posebej za promocijo lika in dela azerbajd\u017eanskega heroja Mihajla v Sloveniji.<\/p>\n<!-- \/wp:paragraph -->\n\n<!-- wp:paragraph -->\n<p>Temelji pobratenja Nove Gorice z Oghuzom so bili postavljeni pred dobrimi desetimi leti, s podpisom pisma o nameri med tedanjim namestnikom prvega \u010dloveka okro\u017eja Oghuz Azadom Aliyevim in takratnim \u017eupanom MO Nova Gorica Matejem Ar\u010donom. Z lanskim imenovanjem Gadirova kot novega vodje izvr\u0161ne oblasti okro\u017eja Oghuz in njegovim obiskom v Novi Gorici se bodo stvari, ob trdni podpori azerbajd\u017eanskega veleposlani\u0161tva, o\u010ditno premaknile dalje, saj sta ob obisku pri \u017eupanu Turelu obe strani ugotavljale mo\u017enosti za sodelovanje ter izmenjavo znanja in izku\u0161enj zlasti na podro\u010dju turizma, pa tudi kmetijstva, kulture, izobra\u017eevanja ter u\u010dinkovitega varovanja in upravljanja z okoljem in vodnimi viri. Razmi\u0161ljanja so se sukala tudi o prihodnji simboli\u010dni utrditvi vezi s posaditvijo dreves v obeh mestih kot tudi z imenovanjem po ene ulice v vsakem od njiju po drugem mestu. S promocijo heroja Mihajla, ki v svoji rodni domovini u\u017eiva veliko popularnost, pa bi lahko Gori\u0161ka postala tudi veliko bolj privla\u010dna destinacija za njegove sonarodnjake, ki kot turisti prihajajo v Slovenijo.<\/p>\n<!-- \/wp:paragraph -->\n\n<!-- wp:paragraph -->\n<p>G. Javid Abdul-Gadirov si je med obiskom ogledal spomenik in spominsko sobo, posve\u010dena heroju Mihajlu v \u0160empasu ter kraj v Vitovljah, kjer je Mihajlo v zasedi v neenakem boju padel pod streli okupatorja in kjer je urejeno spominsko obele\u017eje. V Novi Gorici pa se je sestal tudi z go. Eriko Lojk, direktorico Zavoda za turizem Nove Gorice in Vipavske doline, s katero je izmenjal mnenja o mo\u017enem sodelovanju in izmenjavi strokovnih izku\u0161enj na podro\u010dju turizma med Novo Gorico in Oghuzom.<\/p>\n<!-- \/wp:paragraph -->\n\n<!-- wp:paragraph -->\n<p>\u010ceprav je o dejavnosti Mihajla na Primorskem in njegovem tragi\u010dnem koncu v Vitovljah \u0161e vedno kar nekaj neznank, je Dru\u0161tvo prijateljstva Slovenija-Azerbajd\u017ean v svojem poldrugo desetletje trajajo\u010dem delovanju v sodelovanju s strokovnjaki prispevalo k razjasnitvi takratnih dogodkov in izlu\u0161\u010denju nespornih zgodovinskih dejstev na podlagi \u0161tevilnih materialnih virov ter pri\u010devanj objektivnih pri\u010devalcev, tudi tistih, ki so takrat osebno poznali Mihajla in njegovo<\/p>\n<!-- \/wp:paragraph -->\n\n<!-- wp:paragraph -->\n<p>vlogo v okviru borbe partizanskih enot IX. korpusa proti okupatorju. Posebno so v Dru\u0161tvu ponosni na posneta dva filma, izdano knjigo ob Mihajlovi 100- letnici, obnovljena obele\u017eja, spomenik in muzejsko sobo v \u0160empasu (slednja je bila odprta leta 2011 v prisotnosti predsednikov obeh dr\u017eav), plo\u0161\u010do na Vitovljah ter grobnico v \u010cepovanu. Vse to je lepo urejeno in vzdr\u017eevano, za kar gre zahvala posameznikom - prostovoljkam in prostovoljcem, doma\u010dinkam in doma\u010dinom v vseh teh krajih. S tem je zagotovljeno , da so ta obele\u017eja trajen spomin in opomin vsem obiskovalcem, zlasti mladim, kako te\u017eko sta bili v drugi svetovni vojni priborjeni svoboda in samostojnost slovenskega naroda.<\/p>\n<!-- \/wp:paragraph -->\n\n<!-- wp:paragraph -->\n<p>\u00bbZato medalja, ki sem jo prejel iz rok azerbajd\u017eanskega veleposlanika, pomeni zame predvsem priznanje dejavnosti in prizadevanju Dru\u0161tva, ki je \u017ee vrsto let gonilna sila, organizator in v veliki meri tudi neposredni izvajalec razli\u010dnih dogodkov, povezanih z obele\u017eevanjem heroja Mihajla. Teh dogodkov se pogosto udele\u017eujejo tudi visoki predstavniki vlad obeh dr\u017eav, kar utira pot \u0161ir\u0161emu bilateralnemu sodelovanju Slovenije s to dr\u017eavo, \u00bb poudarja Andrej Kompara, ki je za pokojnim Ivanom Ba\u0161inom prevzel krmilo Dru\u0161tva, vrsto let pred tem pa se je \u017ee kot tajnik Dru\u0161tva intenzivno ukvarjal z njegovim delovanjem.<\/p>\n<!-- \/wp:paragraph -->\n\n<!-- wp:paragraph -->\n<p>Vir: Dru\u0161tvo prijateljstva Slovenije in Azerbajd\u017eana<\/p>\n<!-- \/wp:paragraph -->\n\n<!-- wp:spacer -->\n<div style=\"height:100px\" aria-hidden=\"true\" class=\"wp-block-spacer\"><\/div>\n<!-- \/wp:spacer -->\n\n<!-- wp:separator -->\n<hr class=\"wp-block-separator has-alpha-channel-opacity\"\/>\n<!-- \/wp:separator -->\n\n<!-- wp:paragraph -->\n<p><\/p>\n<!-- \/wp:paragraph -->","_sl_post_name":"obisk-veleposlanika-republike-azerbajdzan-v-sloveniji","_sl_post_excerpt":"","_sl_post_title":"Obisk veleposlanika Republike Azerbajd\u017ean v Sloveniji","_en_post_content":"","_en_post_name":"","_en_post_excerpt":"","_en_post_title":"","_it_post_content":"","_it_post_name":"","_it_post_excerpt":"","_it_post_title":"","edit_language":"it","footnotes":""},"categories":[4],"tags":[],"class_list":["post-1875","post","type-post","status-publish","format-standard","has-post-thumbnail","hentry","category-dogodki"],"_links":{"self":[{"href":"https:\/\/sempas.si\/wpsempas\/it\/wp-json\/wp\/v2\/posts\/1875","targetHints":{"allow":["GET"]}}],"collection":[{"href":"https:\/\/sempas.si\/wpsempas\/it\/wp-json\/wp\/v2\/posts"}],"about":[{"href":"https:\/\/sempas.si\/wpsempas\/it\/wp-json\/wp\/v2\/types\/post"}],"author":[{"embeddable":true,"href":"https:\/\/sempas.si\/wpsempas\/it\/wp-json\/wp\/v2\/users\/1"}],"replies":[{"embeddable":true,"href":"https:\/\/sempas.si\/wpsempas\/it\/wp-json\/wp\/v2\/comments?post=1875"}],"version-history":[{"count":3,"href":"https:\/\/sempas.si\/wpsempas\/it\/wp-json\/wp\/v2\/posts\/1875\/revisions"}],"predecessor-version":[{"id":1878,"href":"https:\/\/sempas.si\/wpsempas\/it\/wp-json\/wp\/v2\/posts\/1875\/revisions\/1878"}],"wp:featuredmedia":[{"embeddable":true,"href":"https:\/\/sempas.si\/wpsempas\/it\/wp-json\/wp\/v2\/media\/1879"}],"wp:attachment":[{"href":"https:\/\/sempas.si\/wpsempas\/it\/wp-json\/wp\/v2\/media?parent=1875"}],"wp:term":[{"taxonomy":"category","embeddable":true,"href":"https:\/\/sempas.si\/wpsempas\/it\/wp-json\/wp\/v2\/categories?post=1875"},{"taxonomy":"post_tag","embeddable":true,"href":"https:\/\/sempas.si\/wpsempas\/it\/wp-json\/wp\/v2\/tags?post=1875"}],"curies":[{"name":"wp","href":"https:\/\/api.w.org\/{rel}","templated":true}]}}